{"id":9693,"date":"2023-02-23T11:00:00","date_gmt":"2023-02-23T10:00:00","guid":{"rendered":"https:\/\/tedxvitoriagasteiz.com\/es\/?p=9693"},"modified":"2023-02-23T10:49:59","modified_gmt":"2023-02-23T09:49:59","slug":"el-poder-de-las-buenas-historias","status":"publish","type":"post","link":"https:\/\/tedxvitoriagasteiz.com\/es\/charlas\/el-poder-de-las-buenas-historias\/cristina\/","title":{"rendered":"El poder de las buenas historias"},"content":{"rendered":"\n<p>Las charlas TEDx no dejan de ser una narraci\u00f3n de historias. Se busca provocar una emoci\u00f3n en la audiencia, que reconsideren creencias, que descubran algo nuevo. Pero para lograrlo, hace falta manejar muy bien los recursos y tiempos para poder desplegar todo <strong>el poder de las buenas historias<\/strong>.<\/p>\n\n\n\n<p>Pero \u00bfc\u00f3mo se consigue eso? \u00bfQu\u00e9 elementos componen una buena charla TEDx?<\/p>\n\n\n\n<p>En este post, te explicamos qu\u00e9 elementos son necesarios para una buena historia y destacamos 5 charlas que lo consiguen con creces.<\/p>\n\n\n\n<h2 class=\"wp-block-heading\">Las claves de una buena historia<\/h2>\n\n\n\n<p>Toda buena historia tiene un inicio y un final fuertes, y entre un punto y otro pasan cosas que se encadenan de forma l\u00f3gica y estructurada, de forma natural y coherente.<\/p>\n\n\n\n<p>Esto que parece de caj\u00f3n, no lo es tanto, porque no todo el mundo consigue dotar a su charla de la magia suficiente como para que se convierta en una charla inolvidable. <\/p>\n\n\n\n<h3 class=\"wp-block-heading\"><strong>\u00bfQu\u00e9 es un inicio fuerte?<\/strong><\/h3>\n\n\n\n<p>Sabemos que tenemos apenas unos segundos para captar la atenci\u00f3n de nuestra audiencia y que no se pongan a leer las notificaciones de su m\u00f3vil, desconecten su cerebro o se pongan a hablar con su acompa\u00f1ante.<\/p>\n\n\n\n<p>\u00bfC\u00f3mo lo consiguen los grandes oradores? Pues nos sorprenden, nos hacen querer saber m\u00e1s.<\/p>\n\n\n\n<p>\u00bfPor qu\u00e9 nos tenemos que preocupar por lo que viene a continuaci\u00f3n? \u00bfQu\u00e9 pasa luego?<\/p>\n\n\n\n<h3 class=\"wp-block-heading\"><strong>Las buenas historias tienen una estructura<\/strong><\/h3>\n\n\n\n<p>Hay diferentes tipos de estructuras narrativas. Nos ayudan a comprender el mensaje de forma inequ\u00edvoca. Hasta cierto punto, nos anticipan qu\u00e9 va a suceder. Igual que en una escala musical sabemos que despu\u00e9s de do re mi fa viene el sol, cuando una charla tiene una estructura nos resulta m\u00e1s f\u00e1cil de seguir lo que se est\u00e1 diciendo. Nos resulta familiar.<\/p>\n\n\n\n<p>Aqu\u00ed entran elementos como la creaci\u00f3n de expectativas en el espectador, el suspense, o las revelaciones unidos al uso del humor, el manejo de los tiempos (las pausas, la velocidad del habla), el lenguaje corporal, la entonaci\u00f3n, etc.<\/p>\n\n\n\n<h3 class=\"wp-block-heading\"><strong>Un final fuerte<\/strong><\/h3>\n\n\n\n<p>El minuto final de una charla es tan importante como la entrada porque van a suponer el colof\u00f3n a lo que acabamos de decir. Es donde el speaker remata la idea con la que empez\u00f3 y nos emplaza a contestar una pregunta: \u00bfqu\u00e9 podemos hacer para cambiar?<\/p>\n\n\n\n<div style=\"height:30px\" aria-hidden=\"true\" class=\"wp-block-spacer\"><\/div>\n\n\n\n<p>Tan importante es tener una buena idea, desarrollo y estructura como saber <a href=\"https:\/\/tedxvitoriagasteiz.com\/es\/speakers\/como-se-prepara-un-ponente-para-una-charla-tedx\/cristina\/\" target=\"_blank\" rel=\"noreferrer noopener\">c\u00f3mo dar una charla TEDx<\/a>. Los speakers se preparan durante semanas para dar lo mejor de s\u00ed mismos. Todos estos elementos se unen en un momento m\u00e1gico. <\/p>\n\n\n\n<p>Hemos reunido varias charlas que demuestran c\u00f3mo con preparaci\u00f3n, una buena idea y una buena estructura, nos regalan historias tan poderosas como las que encontrar\u00e1s a continuaci\u00f3n.  <\/p>\n\n\n\n<h2 class=\"wp-block-heading\">El poder de la m\u00fasica cl\u00e1sica | Benjamin Zander <\/h2>\n\n\n\n<p>\u00bfPiensas que tienes o\u00eddo para la m\u00fasica? \u00bfNo? <\/p>\n\n\n\n<p>Seg\u00fan Benjamin Zander (aclamado director de orquestas como la Orquesta Sinf\u00f3nica de Boston) todos tenemos o\u00eddo musical. S\u00ed, todos. Aunque t\u00fa desafines.<\/p>\n\n\n\n<p>En esta maravilla de charla lo demuestra con palabras (y con hechos).<\/p>\n\n\n\n<figure class=\"wp-block-embed is-type-video is-provider-ted wp-block-embed-ted wp-embed-aspect-16-9 wp-has-aspect-ratio\"><div class=\"wp-block-embed__wrapper\">\n<iframe title=\"Benjamin Zander: The transformative power of classical music\" src=\"https:\/\/embed.ted.com\/talks\/benjamin_zander_the_transformative_power_of_classical_music\" width=\"1777\" height=\"1000\" frameborder=\"0\" scrolling=\"no\" webkitAllowFullScreen mozallowfullscreen allowFullScreen><\/iframe>\n<\/div><figcaption class=\"wp-element-caption\">TED2008<\/figcaption><\/figure>\n\n\n\n<div style=\"height:30px\" aria-hidden=\"true\" class=\"wp-block-spacer\"><\/div>\n\n\n\n<h2 class=\"wp-block-heading\">Un barco con 500 refugiados se hundi\u00f3 en el mar: la historia de dos supervivientes | Melissa Fleming<\/h2>\n\n\n\n<p>Tendemos a ver a los refugiados como n\u00fameros, como un bulto, pero \u00bfqu\u00e9 pasa cuando ponemos cara y ojos a la tragedia?<\/p>\n\n\n\n<p>Cuando se humaniza una historia, cuando la hacemos personal, cobra una fuerza inusitada. <\/p>\n\n\n\n<p>El resultado es esta obra maestra. Una charla a cargo de la actual subsecretaria de comunicaci\u00f3n global de la <a href=\"https:\/\/www.un.org\/sg\/es\/content\/profiles\/melissa-fleming\" target=\"_blank\" rel=\"noreferrer noopener\">ONU<\/a>, Melissa Fleming.<\/p>\n\n\n\n<figure class=\"wp-block-embed is-type-video is-provider-ted wp-block-embed-ted wp-embed-aspect-16-9 wp-has-aspect-ratio\"><div class=\"wp-block-embed__wrapper\">\n<iframe title=\"Melissa Fleming: A boat carrying 500 refugees sunk at sea. The story of two survivors\" src=\"https:\/\/embed.ted.com\/talks\/melissa_fleming_a_boat_carrying_500_refugees_sunk_at_sea_the_story_of_two_survivors\" width=\"1777\" height=\"1000\" frameborder=\"0\" scrolling=\"no\" webkitAllowFullScreen mozallowfullscreen allowFullScreen><\/iframe>\n<\/div><figcaption class=\"wp-element-caption\">TEDxThessaloniki 2014<\/figcaption><\/figure>\n\n\n\n<div style=\"height:30px\" aria-hidden=\"true\" class=\"wp-block-spacer\"><\/div>\n\n\n\n<h2 class=\"wp-block-heading\">This is what happens when you reply to spam email | James Veitch <\/h2>\n\n\n\n<p>\u00bfAlguna vez se te ha ocurrido responder a uno de esos correos spam y seguirles el juego? \u00bfA ver qu\u00e9 pasa?<\/p>\n\n\n\n<p>James Veitch decidi\u00f3 hacer justo eso&#8230; durante varios a\u00f1os. <\/p>\n\n\n\n<p>Lo que sigue es una de las charlas m\u00e1s divertidas y entretenidas de TED donde se mezcla el humor, el suspense y las pausas para crear una charla inolvidable.<\/p>\n\n\n\n<figure class=\"wp-block-embed is-type-video is-provider-ted wp-block-embed-ted wp-embed-aspect-16-9 wp-has-aspect-ratio\"><div class=\"wp-block-embed__wrapper\">\n<iframe title=\"James Veitch: This is what happens when you reply to spam email\" src=\"https:\/\/embed.ted.com\/talks\/james_veitch_this_is_what_happens_when_you_reply_to_spam_email\" width=\"1777\" height=\"1000\" frameborder=\"0\" scrolling=\"no\" webkitAllowFullScreen mozallowfullscreen allowFullScreen><\/iframe>\n<\/div><figcaption class=\"wp-element-caption\">TEDGlobal&gt;Geneva 2016<\/figcaption><\/figure>\n\n\n\n<div style=\"height:30px\" aria-hidden=\"true\" class=\"wp-block-spacer\"><\/div>\n\n\n\n<h2 class=\"wp-block-heading\">Poes\u00eda, m\u00fasica e identidad | Jorge Drexler <\/h2>\n\n\n\n<p>Casualidades que se convierten en obras maestras de la m\u00fasica. <\/p>\n\n\n\n<p>\u00bfCasualidades? \u00bfO es la historia misma de la cultura humana? <\/p>\n\n\n\n<p>Esta charla contiene los que, para mi gusto, son mejores cinco minutos de una charla TED. Trepidante.<\/p>\n\n\n\n<figure class=\"wp-block-embed is-type-video is-provider-ted wp-block-embed-ted wp-embed-aspect-16-9 wp-has-aspect-ratio\"><div class=\"wp-block-embed__wrapper\">\n<iframe title=\"Jorge Drexler: Poetry, music and identity\" src=\"https:\/\/embed.ted.com\/talks\/lang\/en\/jorge_drexler_poetry_music_and_identity\" width=\"1777\" height=\"1000\" frameborder=\"0\" scrolling=\"no\" webkitAllowFullScreen mozallowfullscreen allowFullScreen><\/iframe>\n<\/div><figcaption class=\"wp-element-caption\">TED2017<\/figcaption><\/figure>\n\n\n\n<div style=\"height:30px\" aria-hidden=\"true\" class=\"wp-block-spacer\"><\/div>\n\n\n\n<h2 class=\"wp-block-heading\">What reality are you creating for yourself? | Isaac Lidsky <\/h2>\n\n\n\n<p>Lo tiene todo: un inicio sorprendente, una llamada a la acci\u00f3n final y un recorrido bien estructurado por los principales aprendizajes de una vida intensa. <\/p>\n\n\n\n<p>Pensad que \u00e9l sali\u00f3 al escenario como el resto de speakers, caminando solo. <\/p>\n\n\n\n<p>Vedla y luego me cont\u00e1is en comentarios qu\u00e9 os ha parecido.&nbsp;<\/p>\n\n\n\n<figure class=\"wp-block-embed is-type-video is-provider-ted wp-block-embed-ted wp-embed-aspect-16-9 wp-has-aspect-ratio\"><div class=\"wp-block-embed__wrapper\">\n<iframe title=\"Isaac Lidsky: What reality are you creating for yourself?\" src=\"https:\/\/embed.ted.com\/talks\/isaac_lidsky_what_reality_are_you_creating_for_yourself\" width=\"1777\" height=\"1000\" frameborder=\"0\" scrolling=\"no\" webkitAllowFullScreen mozallowfullscreen allowFullScreen><\/iframe>\n<\/div><figcaption class=\"wp-element-caption\">TEDGlobal 2016<\/figcaption><\/figure>\n\n\n\n<div style=\"height:40px\" aria-hidden=\"true\" class=\"wp-block-spacer\"><\/div>\n\n\n\n<h2 class=\"wp-block-heading\">Las buenas historias dejan marca<\/h2>\n\n\n\n<p>Las buenas historias contadas por speakers h\u00e1biles son poderosas. Logran permanecer en nuestras mentes bastante tiempo despu\u00e9s. Nos llaman a la acci\u00f3n o nos hacen reflexionar y, a veces, cambiar nuestras perspectivas y actitudes.<\/p>\n\n\n\n<p>Para lograrlo, deben encajar perfectamente elementos de narrativa y oratoria para que nosotros luego podamos disfrutar de estas charlas.<\/p>\n\n\n\n<p>\u00bfCu\u00e1l te parece que funciona mejor? Os leo en los comentarios.<\/p>\n","protected":false},"excerpt":{"rendered":"<p>Las charlas TEDx no dejan de ser una narraci\u00f3n de historias. Se busca provocar una emoci\u00f3n en la audiencia, que reconsideren creencias, que descubran algo&hellip; <\/p>\n","protected":false},"author":2,"featured_media":10086,"comment_status":"open","ping_status":"open","sticky":false,"template":"","format":"standard","meta":{"_monsterinsights_skip_tracking":false,"_monsterinsights_sitenote_active":false,"_monsterinsights_sitenote_note":"","_monsterinsights_sitenote_category":0,"footnotes":""},"categories":[203],"tags":[240,241,242,112,206,97],"_links":{"self":[{"href":"https:\/\/tedxvitoriagasteiz.com\/es\/wp-json\/wp\/v2\/posts\/9693"}],"collection":[{"href":"https:\/\/tedxvitoriagasteiz.com\/es\/wp-json\/wp\/v2\/posts"}],"about":[{"href":"https:\/\/tedxvitoriagasteiz.com\/es\/wp-json\/wp\/v2\/types\/post"}],"author":[{"embeddable":true,"href":"https:\/\/tedxvitoriagasteiz.com\/es\/wp-json\/wp\/v2\/users\/2"}],"replies":[{"embeddable":true,"href":"https:\/\/tedxvitoriagasteiz.com\/es\/wp-json\/wp\/v2\/comments?post=9693"}],"version-history":[{"count":5,"href":"https:\/\/tedxvitoriagasteiz.com\/es\/wp-json\/wp\/v2\/posts\/9693\/revisions"}],"predecessor-version":[{"id":10117,"href":"https:\/\/tedxvitoriagasteiz.com\/es\/wp-json\/wp\/v2\/posts\/9693\/revisions\/10117"}],"wp:featuredmedia":[{"embeddable":true,"href":"https:\/\/tedxvitoriagasteiz.com\/es\/wp-json\/wp\/v2\/media\/10086"}],"wp:attachment":[{"href":"https:\/\/tedxvitoriagasteiz.com\/es\/wp-json\/wp\/v2\/media?parent=9693"}],"wp:term":[{"taxonomy":"category","embeddable":true,"href":"https:\/\/tedxvitoriagasteiz.com\/es\/wp-json\/wp\/v2\/categories?post=9693"},{"taxonomy":"post_tag","embeddable":true,"href":"https:\/\/tedxvitoriagasteiz.com\/es\/wp-json\/wp\/v2\/tags?post=9693"}],"curies":[{"name":"wp","href":"https:\/\/api.w.org\/{rel}","templated":true}]}}