{"id":1653,"date":"2018-09-12T11:01:48","date_gmt":"2018-09-12T11:01:48","guid":{"rendered":"http:\/\/tedxvitoriagasteiz.com\/es\/?p=1653\/"},"modified":"2018-09-12T11:01:48","modified_gmt":"2018-09-12T11:01:48","slug":"camisetas-edicion-limitada-switch-on-the-light","status":"publish","type":"post","link":"https:\/\/tedxvitoriagasteiz.com\/es\/news\/camisetas-edicion-limitada-switch-on-the-light\/admintedxvg\/","title":{"rendered":"Camisetas edici\u00f3n limitada \u201cSwitch on the Light\u201d"},"content":{"rendered":"<p>Todos los a\u00f1os,\u00a0el equipo de\u00a0organizaci\u00f3n de TEDxVitoriaGasteiz lleva una camiseta identificativa con la imagen del evento y el logo de TEDxVitoriaGasteiz y de las empresas que hacen posible el evento. Esto no cambiar\u00e1 este a\u00f1o, porque tenemos que identificarnos de alguna manera en un Palacio de Congresos tan grande y con una asistencia tan multitudinaria.<\/p>\n<p>Sin embargo, como novedad para la edici\u00f3n 2018, hemos sacado una camiseta de edici\u00f3n especial exclusiva para las y los asistentes al evento. La camiseta, como pod\u00e9is ver en la foto, lleva \u00fanicamente el logo de TEDxVitoriaGasteiz y la imagen de este evento concreto. Se pueden adquirir a 10\u20ac al comprar las entradas.\u00a0Adem\u00e1s, nos\u00a0pod\u00e9is indicar vuestra talla al hacer la compra, para que os ajuste como un guante.<\/p>\n<p>Resumiendo, que cuando compras la entrada puedes a\u00f1adir la camiseta como un \u201cextra\u201d y luego, junto con el resto de preguntas\u00a0<em>habituales<\/em>, te pedimos tu talla.<\/p>\n<p><img fetchpriority=\"high\" decoding=\"async\" class=\"alignnone size-full wp-image-1338\" src=\"http:\/\/2019.tedxvitoriagasteiz.com\/wp-content\/uploads\/2017\/12\/camiseta.png\" sizes=\"(max-width: 940px) 100vw, 940px\" srcset=\"http:\/\/2019.tedxvitoriagasteiz.com\/wp-content\/uploads\/2017\/12\/camiseta.png 940w, http:\/\/2019.tedxvitoriagasteiz.com\/wp-content\/uploads\/2017\/12\/camiseta-300x251.png 300w, http:\/\/2019.tedxvitoriagasteiz.com\/wp-content\/uploads\/2017\/12\/camiseta-768x644.png 768w\" alt=\"camiseta\" width=\"940\" height=\"788\" \/><\/p>\n<p>\u00bfA que es chul\u00edsima?<\/p>\n","protected":false},"excerpt":{"rendered":"<p>Todos los a\u00f1os,\u00a0el equipo de\u00a0organizaci\u00f3n de TEDxVitoriaGasteiz lleva una camiseta identificativa con la imagen del evento y el logo de TEDxVitoriaGasteiz y de las empresas&hellip; <\/p>\n","protected":false},"author":1,"featured_media":0,"comment_status":"open","ping_status":"open","sticky":false,"template":"","format":"standard","meta":{"_monsterinsights_skip_tracking":false,"_monsterinsights_sitenote_active":false,"_monsterinsights_sitenote_note":"","_monsterinsights_sitenote_category":0,"footnotes":""},"categories":[95],"tags":[],"_links":{"self":[{"href":"https:\/\/tedxvitoriagasteiz.com\/es\/wp-json\/wp\/v2\/posts\/1653"}],"collection":[{"href":"https:\/\/tedxvitoriagasteiz.com\/es\/wp-json\/wp\/v2\/posts"}],"about":[{"href":"https:\/\/tedxvitoriagasteiz.com\/es\/wp-json\/wp\/v2\/types\/post"}],"author":[{"embeddable":true,"href":"https:\/\/tedxvitoriagasteiz.com\/es\/wp-json\/wp\/v2\/users\/1"}],"replies":[{"embeddable":true,"href":"https:\/\/tedxvitoriagasteiz.com\/es\/wp-json\/wp\/v2\/comments?post=1653"}],"version-history":[{"count":1,"href":"https:\/\/tedxvitoriagasteiz.com\/es\/wp-json\/wp\/v2\/posts\/1653\/revisions"}],"predecessor-version":[{"id":1654,"href":"https:\/\/tedxvitoriagasteiz.com\/es\/wp-json\/wp\/v2\/posts\/1653\/revisions\/1654"}],"wp:attachment":[{"href":"https:\/\/tedxvitoriagasteiz.com\/es\/wp-json\/wp\/v2\/media?parent=1653"}],"wp:term":[{"taxonomy":"category","embeddable":true,"href":"https:\/\/tedxvitoriagasteiz.com\/es\/wp-json\/wp\/v2\/categories?post=1653"},{"taxonomy":"post_tag","embeddable":true,"href":"https:\/\/tedxvitoriagasteiz.com\/es\/wp-json\/wp\/v2\/tags?post=1653"}],"curies":[{"name":"wp","href":"https:\/\/api.w.org\/{rel}","templated":true}]}}